{"id":1392,"date":"2021-12-04T17:50:52","date_gmt":"2021-12-04T16:50:52","guid":{"rendered":"https:\/\/bildungsbericht.cuco.dev\/artikel\/lesen-und-lesekompetenz-in-einer-digitalisierten-welt\/"},"modified":"2021-12-05T19:47:56","modified_gmt":"2021-12-05T18:47:56","slug":"la-lecture-et-les-competences-en-lecture-dans-un-monde-digitalise","status":"publish","type":"article","link":"https:\/\/bildungsbericht.lu\/fr\/article\/la-lecture-et-les-competences-en-lecture-dans-un-monde-digitalise\/","title":{"rendered":"La lecture et les comp\u00e9tences en lecture dans un monde digitalis\u00e9"},"content":{"rendered":"<p>Dans le domaine de la lecture, au cours des derni\u00e8res d\u00e9cennies, les appareils \u00e9lectroniques n\u2019ont cess\u00e9 de gagner en importance, tant dans la sph\u00e8re priv\u00e9e que dans le contexte scolaire. Une \u00e9tude de Reichert et al. (2018), publi\u00e9e dans le Rapport national sur l\u2019\u00e9ducation de 2018, a clairement montr\u00e9 que la lecture de textes num\u00e9riques constitue une activit\u00e9 de loisirs quotidienne, \u00e9galement chez les \u00e9l\u00e8ves des \u00e9coles secondaires luxembourgeoises. Nous disposons \u00e0 pr\u00e9sent de donn\u00e9es plus r\u00e9centes permettant de nous prononcer plus pr\u00e9cis\u00e9ment sur l\u2019influence de l\u2019utilisation des m\u00e9dias num\u00e9riques sur les habitudes et les performances de lecture des adolescent(e)s luxembourgeois.<\/p>\n","protected":false},"template":"","report_year":[],"chapter":[25],"class_list":{"0":"post-1392","1":"article","2":"type-article","3":"status-publish","5":"chapter-enseignement-secondaire-fr"},"acf":[],"yoast_head":"<!-- This site is optimized with the Yoast SEO plugin v27.5 - https:\/\/yoast.com\/product\/yoast-seo-wordpress\/ -->\n<title>La lecture et les comp\u00e9tences en lecture dans un monde digitalis\u00e9 - Rapport national sur l\u2019\u00e9ducation au Luxembourg 2021<\/title>\n<meta name=\"robots\" content=\"index, follow, max-snippet:-1, max-image-preview:large, max-video-preview:-1\" \/>\n<link rel=\"canonical\" href=\"https:\/\/bildungsbericht.lu\/fr\/article\/la-lecture-et-les-competences-en-lecture-dans-un-monde-digitalise\/\" \/>\n<meta property=\"og:locale\" content=\"fr_FR\" \/>\n<meta property=\"og:type\" content=\"article\" \/>\n<meta property=\"og:title\" content=\"La lecture et les comp\u00e9tences en lecture dans un monde digitalis\u00e9 - Rapport national sur l\u2019\u00e9ducation au Luxembourg 2021\" \/>\n<meta property=\"og:description\" content=\"Dans le domaine de la lecture, au cours des derni\u00e8res d\u00e9cennies, les appareils \u00e9lectroniques n\u2019ont cess\u00e9 de gagner en importance, tant dans la sph\u00e8re priv\u00e9e que dans le contexte scolaire....\" \/>\n<meta property=\"og:url\" content=\"https:\/\/bildungsbericht.lu\/fr\/article\/la-lecture-et-les-competences-en-lecture-dans-un-monde-digitalise\/\" \/>\n<meta property=\"og:site_name\" content=\"Rapport national sur l\u2019\u00e9ducation au Luxembourg 2021\" \/>\n<meta property=\"article:modified_time\" content=\"2021-12-05T18:47:56+00:00\" \/>\n<meta name=\"twitter:card\" content=\"summary_large_image\" \/>\n<meta name=\"twitter:label1\" content=\"Dur\u00e9e de lecture estim\u00e9e\" \/>\n\t<meta name=\"twitter:data1\" content=\"1 minute\" \/>\n<script type=\"application\/ld+json\" class=\"yoast-schema-graph\">{\"@context\":\"https:\\\/\\\/schema.org\",\"@graph\":[{\"@type\":\"WebPage\",\"@id\":\"https:\\\/\\\/bildungsbericht.lu\\\/fr\\\/article\\\/la-lecture-et-les-competences-en-lecture-dans-un-monde-digitalise\\\/\",\"url\":\"https:\\\/\\\/bildungsbericht.lu\\\/fr\\\/article\\\/la-lecture-et-les-competences-en-lecture-dans-un-monde-digitalise\\\/\",\"name\":\"La lecture et les comp\u00e9tences en lecture dans un monde digitalis\u00e9 - Rapport national sur l\u2019\u00e9ducation au Luxembourg 2021\",\"isPartOf\":{\"@id\":\"https:\\\/\\\/bildungsbericht.lu\\\/#website\"},\"datePublished\":\"2021-12-04T16:50:52+00:00\",\"dateModified\":\"2021-12-05T18:47:56+00:00\",\"breadcrumb\":{\"@id\":\"https:\\\/\\\/bildungsbericht.lu\\\/fr\\\/article\\\/la-lecture-et-les-competences-en-lecture-dans-un-monde-digitalise\\\/#breadcrumb\"},\"inLanguage\":\"fr-FR\",\"potentialAction\":[{\"@type\":\"ReadAction\",\"target\":[\"https:\\\/\\\/bildungsbericht.lu\\\/fr\\\/article\\\/la-lecture-et-les-competences-en-lecture-dans-un-monde-digitalise\\\/\"]}]},{\"@type\":\"BreadcrumbList\",\"@id\":\"https:\\\/\\\/bildungsbericht.lu\\\/fr\\\/article\\\/la-lecture-et-les-competences-en-lecture-dans-un-monde-digitalise\\\/#breadcrumb\",\"itemListElement\":[{\"@type\":\"ListItem\",\"position\":1,\"name\":\"Startseite\",\"item\":\"https:\\\/\\\/bildungsbericht.lu\\\/fr\\\/\"},{\"@type\":\"ListItem\",\"position\":2,\"name\":\"Artikel\",\"item\":\"https:\\\/\\\/bildungsbericht.lu\\\/artikel\\\/\"},{\"@type\":\"ListItem\",\"position\":3,\"name\":\"La lecture et les comp\u00e9tences en lecture dans un monde digitalis\u00e9\"}]},{\"@type\":\"WebSite\",\"@id\":\"https:\\\/\\\/bildungsbericht.lu\\\/#website\",\"url\":\"https:\\\/\\\/bildungsbericht.lu\\\/\",\"name\":\"Nationaler Bildungsbericht Luxemburg 2024\",\"description\":\"\",\"publisher\":{\"@id\":\"https:\\\/\\\/bildungsbericht.lu\\\/#organization\"},\"potentialAction\":[{\"@type\":\"SearchAction\",\"target\":{\"@type\":\"EntryPoint\",\"urlTemplate\":\"https:\\\/\\\/bildungsbericht.lu\\\/?s={search_term_string}\"},\"query-input\":{\"@type\":\"PropertyValueSpecification\",\"valueRequired\":true,\"valueName\":\"search_term_string\"}}],\"inLanguage\":\"fr-FR\"},{\"@type\":\"Organization\",\"@id\":\"https:\\\/\\\/bildungsbericht.lu\\\/#organization\",\"name\":\"University of Luxembourg\",\"url\":\"https:\\\/\\\/bildungsbericht.lu\\\/\",\"logo\":{\"@type\":\"ImageObject\",\"inLanguage\":\"fr-FR\",\"@id\":\"https:\\\/\\\/bildungsbericht.lu\\\/#\\\/schema\\\/logo\\\/image\\\/\",\"url\":\"https:\\\/\\\/bildungsbericht.lu\\\/wp-content\\\/uploads\\\/2021\\\/04\\\/university_of_luxembourg_logo.svg\",\"contentUrl\":\"https:\\\/\\\/bildungsbericht.lu\\\/wp-content\\\/uploads\\\/2021\\\/04\\\/university_of_luxembourg_logo.svg\",\"width\":500,\"height\":423,\"caption\":\"University of Luxembourg\"},\"image\":{\"@id\":\"https:\\\/\\\/bildungsbericht.lu\\\/#\\\/schema\\\/logo\\\/image\\\/\"}}]}<\/script>\n<!-- \/ Yoast SEO plugin. -->","yoast_head_json":{"title":"La lecture et les comp\u00e9tences en lecture dans un monde digitalis\u00e9 - Rapport national sur l\u2019\u00e9ducation au Luxembourg 2021","robots":{"index":"index","follow":"follow","max-snippet":"max-snippet:-1","max-image-preview":"max-image-preview:large","max-video-preview":"max-video-preview:-1"},"canonical":"https:\/\/bildungsbericht.lu\/fr\/article\/la-lecture-et-les-competences-en-lecture-dans-un-monde-digitalise\/","og_locale":"fr_FR","og_type":"article","og_title":"La lecture et les comp\u00e9tences en lecture dans un monde digitalis\u00e9 - Rapport national sur l\u2019\u00e9ducation au Luxembourg 2021","og_description":"Dans le domaine de la lecture, au cours des derni\u00e8res d\u00e9cennies, les appareils \u00e9lectroniques n\u2019ont cess\u00e9 de gagner en importance, tant dans la sph\u00e8re priv\u00e9e que dans le contexte scolaire....","og_url":"https:\/\/bildungsbericht.lu\/fr\/article\/la-lecture-et-les-competences-en-lecture-dans-un-monde-digitalise\/","og_site_name":"Rapport national sur l\u2019\u00e9ducation au Luxembourg 2021","article_modified_time":"2021-12-05T18:47:56+00:00","twitter_card":"summary_large_image","twitter_misc":{"Dur\u00e9e de lecture estim\u00e9e":"1 minute"},"schema":{"@context":"https:\/\/schema.org","@graph":[{"@type":"WebPage","@id":"https:\/\/bildungsbericht.lu\/fr\/article\/la-lecture-et-les-competences-en-lecture-dans-un-monde-digitalise\/","url":"https:\/\/bildungsbericht.lu\/fr\/article\/la-lecture-et-les-competences-en-lecture-dans-un-monde-digitalise\/","name":"La lecture et les comp\u00e9tences en lecture dans un monde digitalis\u00e9 - Rapport national sur l\u2019\u00e9ducation au Luxembourg 2021","isPartOf":{"@id":"https:\/\/bildungsbericht.lu\/#website"},"datePublished":"2021-12-04T16:50:52+00:00","dateModified":"2021-12-05T18:47:56+00:00","breadcrumb":{"@id":"https:\/\/bildungsbericht.lu\/fr\/article\/la-lecture-et-les-competences-en-lecture-dans-un-monde-digitalise\/#breadcrumb"},"inLanguage":"fr-FR","potentialAction":[{"@type":"ReadAction","target":["https:\/\/bildungsbericht.lu\/fr\/article\/la-lecture-et-les-competences-en-lecture-dans-un-monde-digitalise\/"]}]},{"@type":"BreadcrumbList","@id":"https:\/\/bildungsbericht.lu\/fr\/article\/la-lecture-et-les-competences-en-lecture-dans-un-monde-digitalise\/#breadcrumb","itemListElement":[{"@type":"ListItem","position":1,"name":"Startseite","item":"https:\/\/bildungsbericht.lu\/fr\/"},{"@type":"ListItem","position":2,"name":"Artikel","item":"https:\/\/bildungsbericht.lu\/artikel\/"},{"@type":"ListItem","position":3,"name":"La lecture et les comp\u00e9tences en lecture dans un monde digitalis\u00e9"}]},{"@type":"WebSite","@id":"https:\/\/bildungsbericht.lu\/#website","url":"https:\/\/bildungsbericht.lu\/","name":"Nationaler Bildungsbericht Luxemburg 2024","description":"","publisher":{"@id":"https:\/\/bildungsbericht.lu\/#organization"},"potentialAction":[{"@type":"SearchAction","target":{"@type":"EntryPoint","urlTemplate":"https:\/\/bildungsbericht.lu\/?s={search_term_string}"},"query-input":{"@type":"PropertyValueSpecification","valueRequired":true,"valueName":"search_term_string"}}],"inLanguage":"fr-FR"},{"@type":"Organization","@id":"https:\/\/bildungsbericht.lu\/#organization","name":"University of Luxembourg","url":"https:\/\/bildungsbericht.lu\/","logo":{"@type":"ImageObject","inLanguage":"fr-FR","@id":"https:\/\/bildungsbericht.lu\/#\/schema\/logo\/image\/","url":"https:\/\/bildungsbericht.lu\/wp-content\/uploads\/2021\/04\/university_of_luxembourg_logo.svg","contentUrl":"https:\/\/bildungsbericht.lu\/wp-content\/uploads\/2021\/04\/university_of_luxembourg_logo.svg","width":500,"height":423,"caption":"University of Luxembourg"},"image":{"@id":"https:\/\/bildungsbericht.lu\/#\/schema\/logo\/image\/"}}]}},"_links":{"self":[{"href":"https:\/\/bildungsbericht.lu\/fr\/wp-json\/wp\/v2\/article\/1392","targetHints":{"allow":["GET"]}}],"collection":[{"href":"https:\/\/bildungsbericht.lu\/fr\/wp-json\/wp\/v2\/article"}],"about":[{"href":"https:\/\/bildungsbericht.lu\/fr\/wp-json\/wp\/v2\/types\/article"}],"wp:attachment":[{"href":"https:\/\/bildungsbericht.lu\/fr\/wp-json\/wp\/v2\/media?parent=1392"}],"wp:term":[{"taxonomy":"report_year","embeddable":true,"href":"https:\/\/bildungsbericht.lu\/fr\/wp-json\/wp\/v2\/report_year?post=1392"},{"taxonomy":"chapter","embeddable":true,"href":"https:\/\/bildungsbericht.lu\/fr\/wp-json\/wp\/v2\/chapter?post=1392"}],"curies":[{"name":"wp","href":"https:\/\/api.w.org\/{rel}","templated":true}]}}