{"id":1447,"date":"2021-12-04T17:25:23","date_gmt":"2021-12-04T16:25:23","guid":{"rendered":"https:\/\/bildungsbericht.cuco.dev\/artikel\/scienteens-lab\/"},"modified":"2021-12-05T20:19:35","modified_gmt":"2021-12-05T19:19:35","slug":"scienteens-lab","status":"publish","type":"article","link":"https:\/\/bildungsbericht.lu\/fr\/article\/scienteens-lab\/","title":{"rendered":"Scienteens Lab"},"content":{"rendered":"<p>En tant que lieu d\u2019apprentissage extrascolaire, le Scienteens Lab de l\u2019Universit\u00e9 du Luxembourg relie \u00e9ducation traditionnelle et travaux pratiques afin de soutenir et compl\u00e9ter les enseignements des \u00e9tablissements scolaires. Le Scienteens Lab offre aux \u00e9l\u00e8ves du cycle sup\u00e9rieur (4<sup>e<\/sup> \u2013 1<sup>re<\/sup>) un aper\u00e7u pratique du monde de la recherche (cf. Fig.\u00a01). Tout au long de l\u2019ann\u00e9e scolaire, des cours d\u2019une demi-journ\u00e9e ou d\u2019une journ\u00e9e sont propos\u00e9s dans les domaines de la biologie, de la physique, des math\u00e9matiques et de l\u2019informatique. Dans ce cadre, l\u2019accent est mis sur l\u2019exp\u00e9rimentation et l\u2019\u00e9tude, en autonomie, d\u2019une question scientifique dans la discipline concern\u00e9e.<\/p>\n<p>Les ateliers propos\u00e9s sont adapt\u00e9s au programme scolaire, abordent des aspects de la vie quotidienne des \u00e9l\u00e8ves et portent sur les recherches en cours \u00e0 l\u2019Universit\u00e9 du Luxembourg. Ils sont syst\u00e9matiquement ajust\u00e9s au niveau de connaissances des \u00e9l\u00e8ves afin qu\u2019aucune pr\u00e9paration en classe ne soit requise. La langue d\u2019enseignement est le luxembourgeois, l\u2019allemand, le fran\u00e7ais ou l\u2019anglais. Lors de ces ateliers, les jeunes scientifiques utilisent les supports num\u00e9riques (tablettes et des ordinateurs portables) pour documenter leurs r\u00e9sultats et traiter ensuite les donn\u00e9es obtenues \u00e0 l\u2019aide de divers programmes informatiques. Nous attachons \u00e9galement une grande importance au d\u00e9veloppement durable, raison pour laquelle ce sujet est abord\u00e9 dans plusieurs de nos cours.<\/p>\n","protected":false},"template":"","report_year":[],"chapter":[27],"class_list":{"0":"post-1447","1":"article","2":"type-article","3":"status-publish","5":"chapter-univers-dapprentissage-extrascolaires-formation-professionnelle-et-enseignement-superieur"},"acf":[],"yoast_head":"<!-- This site is optimized with the Yoast SEO plugin v27.5 - https:\/\/yoast.com\/product\/yoast-seo-wordpress\/ -->\n<title>Scienteens Lab - Rapport national sur l\u2019\u00e9ducation au Luxembourg 2021<\/title>\n<meta name=\"robots\" content=\"index, follow, max-snippet:-1, max-image-preview:large, max-video-preview:-1\" \/>\n<link rel=\"canonical\" href=\"https:\/\/bildungsbericht.lu\/fr\/article\/scienteens-lab\/\" \/>\n<meta property=\"og:locale\" content=\"fr_FR\" \/>\n<meta property=\"og:type\" content=\"article\" \/>\n<meta property=\"og:title\" content=\"Scienteens Lab - Rapport national sur l\u2019\u00e9ducation au Luxembourg 2021\" \/>\n<meta property=\"og:description\" content=\"En tant que lieu d\u2019apprentissage extrascolaire, le Scienteens Lab de l\u2019Universit\u00e9 du Luxembourg relie \u00e9ducation traditionnelle et travaux pratiques afin de soutenir et compl\u00e9ter les enseignements des \u00e9tablissements scolaires. Le...\" \/>\n<meta property=\"og:url\" content=\"https:\/\/bildungsbericht.lu\/fr\/article\/scienteens-lab\/\" \/>\n<meta property=\"og:site_name\" content=\"Rapport national sur l\u2019\u00e9ducation au Luxembourg 2021\" \/>\n<meta property=\"article:modified_time\" content=\"2021-12-05T19:19:35+00:00\" \/>\n<meta name=\"twitter:card\" content=\"summary_large_image\" \/>\n<meta name=\"twitter:label1\" content=\"Dur\u00e9e de lecture estim\u00e9e\" \/>\n\t<meta name=\"twitter:data1\" content=\"1 minute\" \/>\n<script type=\"application\/ld+json\" class=\"yoast-schema-graph\">{\"@context\":\"https:\\\/\\\/schema.org\",\"@graph\":[{\"@type\":\"WebPage\",\"@id\":\"https:\\\/\\\/bildungsbericht.lu\\\/fr\\\/article\\\/scienteens-lab\\\/\",\"url\":\"https:\\\/\\\/bildungsbericht.lu\\\/fr\\\/article\\\/scienteens-lab\\\/\",\"name\":\"Scienteens Lab - Rapport national sur l\u2019\u00e9ducation au Luxembourg 2021\",\"isPartOf\":{\"@id\":\"https:\\\/\\\/bildungsbericht.lu\\\/#website\"},\"datePublished\":\"2021-12-04T16:25:23+00:00\",\"dateModified\":\"2021-12-05T19:19:35+00:00\",\"breadcrumb\":{\"@id\":\"https:\\\/\\\/bildungsbericht.lu\\\/fr\\\/article\\\/scienteens-lab\\\/#breadcrumb\"},\"inLanguage\":\"fr-FR\",\"potentialAction\":[{\"@type\":\"ReadAction\",\"target\":[\"https:\\\/\\\/bildungsbericht.lu\\\/fr\\\/article\\\/scienteens-lab\\\/\"]}]},{\"@type\":\"BreadcrumbList\",\"@id\":\"https:\\\/\\\/bildungsbericht.lu\\\/fr\\\/article\\\/scienteens-lab\\\/#breadcrumb\",\"itemListElement\":[{\"@type\":\"ListItem\",\"position\":1,\"name\":\"Startseite\",\"item\":\"https:\\\/\\\/bildungsbericht.lu\\\/fr\\\/\"},{\"@type\":\"ListItem\",\"position\":2,\"name\":\"Artikel\",\"item\":\"https:\\\/\\\/bildungsbericht.lu\\\/artikel\\\/\"},{\"@type\":\"ListItem\",\"position\":3,\"name\":\"Scienteens Lab\"}]},{\"@type\":\"WebSite\",\"@id\":\"https:\\\/\\\/bildungsbericht.lu\\\/#website\",\"url\":\"https:\\\/\\\/bildungsbericht.lu\\\/\",\"name\":\"Nationaler Bildungsbericht Luxemburg 2024\",\"description\":\"\",\"publisher\":{\"@id\":\"https:\\\/\\\/bildungsbericht.lu\\\/#organization\"},\"potentialAction\":[{\"@type\":\"SearchAction\",\"target\":{\"@type\":\"EntryPoint\",\"urlTemplate\":\"https:\\\/\\\/bildungsbericht.lu\\\/?s={search_term_string}\"},\"query-input\":{\"@type\":\"PropertyValueSpecification\",\"valueRequired\":true,\"valueName\":\"search_term_string\"}}],\"inLanguage\":\"fr-FR\"},{\"@type\":\"Organization\",\"@id\":\"https:\\\/\\\/bildungsbericht.lu\\\/#organization\",\"name\":\"University of Luxembourg\",\"url\":\"https:\\\/\\\/bildungsbericht.lu\\\/\",\"logo\":{\"@type\":\"ImageObject\",\"inLanguage\":\"fr-FR\",\"@id\":\"https:\\\/\\\/bildungsbericht.lu\\\/#\\\/schema\\\/logo\\\/image\\\/\",\"url\":\"https:\\\/\\\/bildungsbericht.lu\\\/wp-content\\\/uploads\\\/2021\\\/04\\\/university_of_luxembourg_logo.svg\",\"contentUrl\":\"https:\\\/\\\/bildungsbericht.lu\\\/wp-content\\\/uploads\\\/2021\\\/04\\\/university_of_luxembourg_logo.svg\",\"width\":500,\"height\":423,\"caption\":\"University of Luxembourg\"},\"image\":{\"@id\":\"https:\\\/\\\/bildungsbericht.lu\\\/#\\\/schema\\\/logo\\\/image\\\/\"}}]}<\/script>\n<!-- \/ Yoast SEO plugin. -->","yoast_head_json":{"title":"Scienteens Lab - Rapport national sur l\u2019\u00e9ducation au Luxembourg 2021","robots":{"index":"index","follow":"follow","max-snippet":"max-snippet:-1","max-image-preview":"max-image-preview:large","max-video-preview":"max-video-preview:-1"},"canonical":"https:\/\/bildungsbericht.lu\/fr\/article\/scienteens-lab\/","og_locale":"fr_FR","og_type":"article","og_title":"Scienteens Lab - Rapport national sur l\u2019\u00e9ducation au Luxembourg 2021","og_description":"En tant que lieu d\u2019apprentissage extrascolaire, le Scienteens Lab de l\u2019Universit\u00e9 du Luxembourg relie \u00e9ducation traditionnelle et travaux pratiques afin de soutenir et compl\u00e9ter les enseignements des \u00e9tablissements scolaires. Le...","og_url":"https:\/\/bildungsbericht.lu\/fr\/article\/scienteens-lab\/","og_site_name":"Rapport national sur l\u2019\u00e9ducation au Luxembourg 2021","article_modified_time":"2021-12-05T19:19:35+00:00","twitter_card":"summary_large_image","twitter_misc":{"Dur\u00e9e de lecture estim\u00e9e":"1 minute"},"schema":{"@context":"https:\/\/schema.org","@graph":[{"@type":"WebPage","@id":"https:\/\/bildungsbericht.lu\/fr\/article\/scienteens-lab\/","url":"https:\/\/bildungsbericht.lu\/fr\/article\/scienteens-lab\/","name":"Scienteens Lab - Rapport national sur l\u2019\u00e9ducation au Luxembourg 2021","isPartOf":{"@id":"https:\/\/bildungsbericht.lu\/#website"},"datePublished":"2021-12-04T16:25:23+00:00","dateModified":"2021-12-05T19:19:35+00:00","breadcrumb":{"@id":"https:\/\/bildungsbericht.lu\/fr\/article\/scienteens-lab\/#breadcrumb"},"inLanguage":"fr-FR","potentialAction":[{"@type":"ReadAction","target":["https:\/\/bildungsbericht.lu\/fr\/article\/scienteens-lab\/"]}]},{"@type":"BreadcrumbList","@id":"https:\/\/bildungsbericht.lu\/fr\/article\/scienteens-lab\/#breadcrumb","itemListElement":[{"@type":"ListItem","position":1,"name":"Startseite","item":"https:\/\/bildungsbericht.lu\/fr\/"},{"@type":"ListItem","position":2,"name":"Artikel","item":"https:\/\/bildungsbericht.lu\/artikel\/"},{"@type":"ListItem","position":3,"name":"Scienteens Lab"}]},{"@type":"WebSite","@id":"https:\/\/bildungsbericht.lu\/#website","url":"https:\/\/bildungsbericht.lu\/","name":"Nationaler Bildungsbericht Luxemburg 2024","description":"","publisher":{"@id":"https:\/\/bildungsbericht.lu\/#organization"},"potentialAction":[{"@type":"SearchAction","target":{"@type":"EntryPoint","urlTemplate":"https:\/\/bildungsbericht.lu\/?s={search_term_string}"},"query-input":{"@type":"PropertyValueSpecification","valueRequired":true,"valueName":"search_term_string"}}],"inLanguage":"fr-FR"},{"@type":"Organization","@id":"https:\/\/bildungsbericht.lu\/#organization","name":"University of Luxembourg","url":"https:\/\/bildungsbericht.lu\/","logo":{"@type":"ImageObject","inLanguage":"fr-FR","@id":"https:\/\/bildungsbericht.lu\/#\/schema\/logo\/image\/","url":"https:\/\/bildungsbericht.lu\/wp-content\/uploads\/2021\/04\/university_of_luxembourg_logo.svg","contentUrl":"https:\/\/bildungsbericht.lu\/wp-content\/uploads\/2021\/04\/university_of_luxembourg_logo.svg","width":500,"height":423,"caption":"University of Luxembourg"},"image":{"@id":"https:\/\/bildungsbericht.lu\/#\/schema\/logo\/image\/"}}]}},"_links":{"self":[{"href":"https:\/\/bildungsbericht.lu\/fr\/wp-json\/wp\/v2\/article\/1447","targetHints":{"allow":["GET"]}}],"collection":[{"href":"https:\/\/bildungsbericht.lu\/fr\/wp-json\/wp\/v2\/article"}],"about":[{"href":"https:\/\/bildungsbericht.lu\/fr\/wp-json\/wp\/v2\/types\/article"}],"wp:attachment":[{"href":"https:\/\/bildungsbericht.lu\/fr\/wp-json\/wp\/v2\/media?parent=1447"}],"wp:term":[{"taxonomy":"report_year","embeddable":true,"href":"https:\/\/bildungsbericht.lu\/fr\/wp-json\/wp\/v2\/report_year?post=1447"},{"taxonomy":"chapter","embeddable":true,"href":"https:\/\/bildungsbericht.lu\/fr\/wp-json\/wp\/v2\/chapter?post=1447"}],"curies":[{"name":"wp","href":"https:\/\/api.w.org\/{rel}","templated":true}]}}