{"id":1468,"date":"2021-12-04T17:11:17","date_gmt":"2021-12-04T16:11:17","guid":{"rendered":"https:\/\/bildungsbericht.cuco.dev\/artikel\/fru%cc%88hkindliche-bildung-in-luxemburg\/"},"modified":"2022-05-16T14:03:11","modified_gmt":"2022-05-16T12:03:11","slug":"leducation-de-la-petite-enfance-au-luxembourg","status":"publish","type":"article","link":"https:\/\/bildungsbericht.lu\/fr\/article\/leducation-de-la-petite-enfance-au-luxembourg\/","title":{"rendered":"L\u2019\u00e9ducation de la petite enfance au Luxembourg"},"content":{"rendered":"<p class=\"p1\">Cet article pr\u00e9sente les informations essentielles et les chiffres actuels concernant l\u2019\u00e9ducation non formelle au Luxembourg. Parall\u00e8lement, il analyse l\u2019\u00e9mergence et le d\u00e9veloppement de ce secteur depuis 2009, \u00e0 la fois d\u2019un point de vue chronologique et en pr\u00e9sentant quelques \u00e9tapes importantes. Une attention particuli\u00e8re est accord\u00e9e au groupe d\u2019\u00e2ge correspondant \u00e0 la petite enfance et aux \u00e9tablissements et services d\u2019\u00e9ducation et d\u2019accueil correspondants.<\/p>\n","protected":false},"template":"","report_year":[],"chapter":[26],"class_list":{"0":"post-1468","1":"article","2":"type-article","3":"status-publish","5":"chapter-enseignement-precoce-fondamental"},"acf":[],"yoast_head":"<!-- This site is optimized with the Yoast SEO plugin v27.1.1 - https:\/\/yoast.com\/product\/yoast-seo-wordpress\/ -->\n<title>L\u2019\u00e9ducation de la petite enfance au Luxembourg - Rapport national sur l\u2019\u00e9ducation au Luxembourg 2021<\/title>\n<meta name=\"robots\" content=\"index, follow, max-snippet:-1, max-image-preview:large, max-video-preview:-1\" \/>\n<link rel=\"canonical\" href=\"https:\/\/bildungsbericht.lu\/fr\/article\/leducation-de-la-petite-enfance-au-luxembourg\/\" \/>\n<meta property=\"og:locale\" content=\"fr_FR\" \/>\n<meta property=\"og:type\" content=\"article\" \/>\n<meta property=\"og:title\" content=\"L\u2019\u00e9ducation de la petite enfance au Luxembourg - Rapport national sur l\u2019\u00e9ducation au Luxembourg 2021\" \/>\n<meta property=\"og:description\" content=\"Cet article pr\u00e9sente les informations essentielles et les chiffres actuels concernant l\u2019\u00e9ducation non formelle au Luxembourg. Parall\u00e8lement, il analyse l\u2019\u00e9mergence et le d\u00e9veloppement de ce secteur depuis 2009, \u00e0 la...\" \/>\n<meta property=\"og:url\" content=\"https:\/\/bildungsbericht.lu\/fr\/article\/leducation-de-la-petite-enfance-au-luxembourg\/\" \/>\n<meta property=\"og:site_name\" content=\"Rapport national sur l\u2019\u00e9ducation au Luxembourg 2021\" \/>\n<meta property=\"article:modified_time\" content=\"2022-05-16T12:03:11+00:00\" \/>\n<meta name=\"twitter:card\" content=\"summary_large_image\" \/>\n<script type=\"application\/ld+json\" class=\"yoast-schema-graph\">{\"@context\":\"https:\/\/schema.org\",\"@graph\":[{\"@type\":\"WebPage\",\"@id\":\"https:\/\/bildungsbericht.lu\/fr\/article\/leducation-de-la-petite-enfance-au-luxembourg\/\",\"url\":\"https:\/\/bildungsbericht.lu\/fr\/article\/leducation-de-la-petite-enfance-au-luxembourg\/\",\"name\":\"L\u2019\u00e9ducation de la petite enfance au Luxembourg - Rapport national sur l\u2019\u00e9ducation au Luxembourg 2021\",\"isPartOf\":{\"@id\":\"https:\/\/bildungsbericht.lu\/#website\"},\"datePublished\":\"2021-12-04T16:11:17+00:00\",\"dateModified\":\"2022-05-16T12:03:11+00:00\",\"breadcrumb\":{\"@id\":\"https:\/\/bildungsbericht.lu\/fr\/article\/leducation-de-la-petite-enfance-au-luxembourg\/#breadcrumb\"},\"inLanguage\":\"fr-FR\",\"potentialAction\":[{\"@type\":\"ReadAction\",\"target\":[\"https:\/\/bildungsbericht.lu\/fr\/article\/leducation-de-la-petite-enfance-au-luxembourg\/\"]}]},{\"@type\":\"BreadcrumbList\",\"@id\":\"https:\/\/bildungsbericht.lu\/fr\/article\/leducation-de-la-petite-enfance-au-luxembourg\/#breadcrumb\",\"itemListElement\":[{\"@type\":\"ListItem\",\"position\":1,\"name\":\"Startseite\",\"item\":\"https:\/\/bildungsbericht.lu\/fr\/\"},{\"@type\":\"ListItem\",\"position\":2,\"name\":\"Artikel\",\"item\":\"https:\/\/bildungsbericht.lu\/artikel\/\"},{\"@type\":\"ListItem\",\"position\":3,\"name\":\"L\u2019\u00e9ducation de la petite enfance au Luxembourg\"}]},{\"@type\":\"WebSite\",\"@id\":\"https:\/\/bildungsbericht.lu\/#website\",\"url\":\"https:\/\/bildungsbericht.lu\/\",\"name\":\"Nationaler Bildungsbericht Luxemburg 2024\",\"description\":\"\",\"publisher\":{\"@id\":\"https:\/\/bildungsbericht.lu\/#organization\"},\"potentialAction\":[{\"@type\":\"SearchAction\",\"target\":{\"@type\":\"EntryPoint\",\"urlTemplate\":\"https:\/\/bildungsbericht.lu\/?s={search_term_string}\"},\"query-input\":{\"@type\":\"PropertyValueSpecification\",\"valueRequired\":true,\"valueName\":\"search_term_string\"}}],\"inLanguage\":\"fr-FR\"},{\"@type\":\"Organization\",\"@id\":\"https:\/\/bildungsbericht.lu\/#organization\",\"name\":\"University of Luxembourg\",\"url\":\"https:\/\/bildungsbericht.lu\/\",\"logo\":{\"@type\":\"ImageObject\",\"inLanguage\":\"fr-FR\",\"@id\":\"https:\/\/bildungsbericht.lu\/#\/schema\/logo\/image\/\",\"url\":\"https:\/\/bildungsbericht.lu\/wp-content\/uploads\/2021\/04\/university_of_luxembourg_logo.svg\",\"contentUrl\":\"https:\/\/bildungsbericht.lu\/wp-content\/uploads\/2021\/04\/university_of_luxembourg_logo.svg\",\"width\":500,\"height\":423,\"caption\":\"University of Luxembourg\"},\"image\":{\"@id\":\"https:\/\/bildungsbericht.lu\/#\/schema\/logo\/image\/\"}}]}<\/script>\n<!-- \/ Yoast SEO plugin. -->","yoast_head_json":{"title":"L\u2019\u00e9ducation de la petite enfance au Luxembourg - Rapport national sur l\u2019\u00e9ducation au Luxembourg 2021","robots":{"index":"index","follow":"follow","max-snippet":"max-snippet:-1","max-image-preview":"max-image-preview:large","max-video-preview":"max-video-preview:-1"},"canonical":"https:\/\/bildungsbericht.lu\/fr\/article\/leducation-de-la-petite-enfance-au-luxembourg\/","og_locale":"fr_FR","og_type":"article","og_title":"L\u2019\u00e9ducation de la petite enfance au Luxembourg - Rapport national sur l\u2019\u00e9ducation au Luxembourg 2021","og_description":"Cet article pr\u00e9sente les informations essentielles et les chiffres actuels concernant l\u2019\u00e9ducation non formelle au Luxembourg. Parall\u00e8lement, il analyse l\u2019\u00e9mergence et le d\u00e9veloppement de ce secteur depuis 2009, \u00e0 la...","og_url":"https:\/\/bildungsbericht.lu\/fr\/article\/leducation-de-la-petite-enfance-au-luxembourg\/","og_site_name":"Rapport national sur l\u2019\u00e9ducation au Luxembourg 2021","article_modified_time":"2022-05-16T12:03:11+00:00","twitter_card":"summary_large_image","schema":{"@context":"https:\/\/schema.org","@graph":[{"@type":"WebPage","@id":"https:\/\/bildungsbericht.lu\/fr\/article\/leducation-de-la-petite-enfance-au-luxembourg\/","url":"https:\/\/bildungsbericht.lu\/fr\/article\/leducation-de-la-petite-enfance-au-luxembourg\/","name":"L\u2019\u00e9ducation de la petite enfance au Luxembourg - Rapport national sur l\u2019\u00e9ducation au Luxembourg 2021","isPartOf":{"@id":"https:\/\/bildungsbericht.lu\/#website"},"datePublished":"2021-12-04T16:11:17+00:00","dateModified":"2022-05-16T12:03:11+00:00","breadcrumb":{"@id":"https:\/\/bildungsbericht.lu\/fr\/article\/leducation-de-la-petite-enfance-au-luxembourg\/#breadcrumb"},"inLanguage":"fr-FR","potentialAction":[{"@type":"ReadAction","target":["https:\/\/bildungsbericht.lu\/fr\/article\/leducation-de-la-petite-enfance-au-luxembourg\/"]}]},{"@type":"BreadcrumbList","@id":"https:\/\/bildungsbericht.lu\/fr\/article\/leducation-de-la-petite-enfance-au-luxembourg\/#breadcrumb","itemListElement":[{"@type":"ListItem","position":1,"name":"Startseite","item":"https:\/\/bildungsbericht.lu\/fr\/"},{"@type":"ListItem","position":2,"name":"Artikel","item":"https:\/\/bildungsbericht.lu\/artikel\/"},{"@type":"ListItem","position":3,"name":"L\u2019\u00e9ducation de la petite enfance au Luxembourg"}]},{"@type":"WebSite","@id":"https:\/\/bildungsbericht.lu\/#website","url":"https:\/\/bildungsbericht.lu\/","name":"Nationaler Bildungsbericht Luxemburg 2024","description":"","publisher":{"@id":"https:\/\/bildungsbericht.lu\/#organization"},"potentialAction":[{"@type":"SearchAction","target":{"@type":"EntryPoint","urlTemplate":"https:\/\/bildungsbericht.lu\/?s={search_term_string}"},"query-input":{"@type":"PropertyValueSpecification","valueRequired":true,"valueName":"search_term_string"}}],"inLanguage":"fr-FR"},{"@type":"Organization","@id":"https:\/\/bildungsbericht.lu\/#organization","name":"University of Luxembourg","url":"https:\/\/bildungsbericht.lu\/","logo":{"@type":"ImageObject","inLanguage":"fr-FR","@id":"https:\/\/bildungsbericht.lu\/#\/schema\/logo\/image\/","url":"https:\/\/bildungsbericht.lu\/wp-content\/uploads\/2021\/04\/university_of_luxembourg_logo.svg","contentUrl":"https:\/\/bildungsbericht.lu\/wp-content\/uploads\/2021\/04\/university_of_luxembourg_logo.svg","width":500,"height":423,"caption":"University of Luxembourg"},"image":{"@id":"https:\/\/bildungsbericht.lu\/#\/schema\/logo\/image\/"}}]}},"_links":{"self":[{"href":"https:\/\/bildungsbericht.lu\/fr\/wp-json\/wp\/v2\/article\/1468","targetHints":{"allow":["GET"]}}],"collection":[{"href":"https:\/\/bildungsbericht.lu\/fr\/wp-json\/wp\/v2\/article"}],"about":[{"href":"https:\/\/bildungsbericht.lu\/fr\/wp-json\/wp\/v2\/types\/article"}],"wp:attachment":[{"href":"https:\/\/bildungsbericht.lu\/fr\/wp-json\/wp\/v2\/media?parent=1468"}],"wp:term":[{"taxonomy":"report_year","embeddable":true,"href":"https:\/\/bildungsbericht.lu\/fr\/wp-json\/wp\/v2\/report_year?post=1468"},{"taxonomy":"chapter","embeddable":true,"href":"https:\/\/bildungsbericht.lu\/fr\/wp-json\/wp\/v2\/chapter?post=1468"}],"curies":[{"name":"wp","href":"https:\/\/api.w.org\/{rel}","templated":true}]}}