{"id":1562,"date":"2021-12-04T16:15:30","date_gmt":"2021-12-04T15:15:30","guid":{"rendered":"https:\/\/bildungsbericht.cuco.dev\/artikel\/jugendarbeit-in-luxemburg-von-einem-offenen-raum-der-freiwilligen-selbstbildung-zu-einem-standardisierten-angebot-der-non-formalen-bildung\/"},"modified":"2021-12-05T21:23:42","modified_gmt":"2021-12-05T20:23:42","slug":"lanimation-socio-educative-au-luxembourg-dun-espace-ouvert-de-lapprentissage-autonome-volontaire-a-une-offre-standardisee-de-leducation-non-formelle","status":"publish","type":"article","link":"https:\/\/bildungsbericht.lu\/fr\/article\/lanimation-socio-educative-au-luxembourg-dun-espace-ouvert-de-lapprentissage-autonome-volontaire-a-une-offre-standardisee-de-leducation-non-formelle\/","title":{"rendered":"L\u2019animation socio-\u00e9ducative au Luxembourg : d\u2019un espace ouvert de l\u2019apprentissage autonome volontaire \u00e0 une offre standardis\u00e9e de l\u2019\u00e9ducation non formelle ?"},"content":{"rendered":"<p>Au Grand-Duch\u00e9, l\u2019orientation p\u00e9dagogique de l\u2019animation socio-\u00e9ducative, c.-\u00e0-d. du travail avec les jeunes, a chang\u00e9 au cours des derni\u00e8res ann\u00e9es. D\u00e9fini comme un volet de l\u2019\u00e9ducation non formelle, ce champ d\u2019action initialement sociop\u00e9dagogique a, comme dans d\u2019autres pays, \u00e9t\u00e9 davantage int\u00e9gr\u00e9 au paysage \u00e9ducatif luxembourgeois, tant sur le plan du contenu qu\u2019au niveau structurel. Cette \u00e9volution est due notamment \u00e0 la crise du syst\u00e8me \u00e9ducatif qui, au Luxembourg comme ailleurs, fait l\u2019objet d\u2019un vif d\u00e9bat, et que des \u00e9tudes internationales telles que l\u2019\u00e9tude\u00a0PISA ont mise au jour. Ces \u00e9tudes montrent que la r\u00e9ussite scolaire d\u00e9pend largement de l\u2019origine sociale et qu\u2019il est ind\u00e9niable que les \u00e9l\u00e8ves du syst\u00e8me \u00e9ducatif luxembourgeois ne jouissent pas tous des m\u00eames chances dans leur parcours (MENFP\u00a0&amp;\u00a0UL, 2013).<\/p>\n<p>La mission des politiques d\u2019\u00e9ducation et de jeunesse, qui consiste \u00e0 instaurer un environnement plus propice, garantissant \u00e0 tous les jeunes un acc\u00e8s \u00e9quitable \u00e0 l\u2019\u00e9ducation et \u00e0 la participation sociale, d\u00e9coule pr\u00e9cis\u00e9ment de ces r\u00e9sultats. Cette mission n\u2019est pas confi\u00e9e exclusivement aux \u00e9tablissements scolaires, m\u00eame si l\u2019\u00e9ducation formelle joue dans ce contexte \u00e9videmment un r\u00f4le essentiel\u00a0: les lieux extrascolaires du travail \u00e9ducatif, tels que ceux d\u00e9di\u00e9s \u00e0 l\u2019animation socio-\u00e9ducative, sont eux aussi au c\u0153ur de ce \u00ab\u00a0nouveau d\u00e9bat sur l\u2019\u00e9ducation\u00a0\u00bb (Rauschenbach &amp; Otto, 2004, p.\u00a01).<\/p>\n","protected":false},"template":"","report_year":[],"chapter":[27],"class_list":{"0":"post-1562","1":"article","2":"type-article","3":"status-publish","5":"chapter-univers-dapprentissage-extrascolaires-formation-professionnelle-et-enseignement-superieur"},"acf":[],"yoast_head":"<!-- This site is optimized with the Yoast SEO plugin v27.5 - https:\/\/yoast.com\/product\/yoast-seo-wordpress\/ -->\n<title>L\u2019animation socio-\u00e9ducative au Luxembourg : d\u2019un espace ouvert de l\u2019apprentissage autonome volontaire \u00e0 une offre standardis\u00e9e de l\u2019\u00e9ducation non formelle ? - Rapport national sur l\u2019\u00e9ducation au Luxembourg 2021<\/title>\n<meta name=\"robots\" content=\"index, follow, max-snippet:-1, max-image-preview:large, max-video-preview:-1\" \/>\n<link rel=\"canonical\" href=\"https:\/\/bildungsbericht.lu\/fr\/article\/lanimation-socio-educative-au-luxembourg-dun-espace-ouvert-de-lapprentissage-autonome-volontaire-a-une-offre-standardisee-de-leducation-non-formelle\/\" \/>\n<meta property=\"og:locale\" content=\"fr_FR\" \/>\n<meta property=\"og:type\" content=\"article\" \/>\n<meta property=\"og:title\" content=\"L\u2019animation socio-\u00e9ducative au Luxembourg : d\u2019un espace ouvert de l\u2019apprentissage autonome volontaire \u00e0 une offre standardis\u00e9e de l\u2019\u00e9ducation non formelle ? - Rapport national sur l\u2019\u00e9ducation au Luxembourg 2021\" \/>\n<meta property=\"og:description\" content=\"Au Grand-Duch\u00e9, l\u2019orientation p\u00e9dagogique de l\u2019animation socio-\u00e9ducative, c.-\u00e0-d. du travail avec les jeunes, a chang\u00e9 au cours des derni\u00e8res ann\u00e9es. D\u00e9fini comme un volet de l\u2019\u00e9ducation non formelle, ce champ...\" \/>\n<meta property=\"og:url\" content=\"https:\/\/bildungsbericht.lu\/fr\/article\/lanimation-socio-educative-au-luxembourg-dun-espace-ouvert-de-lapprentissage-autonome-volontaire-a-une-offre-standardisee-de-leducation-non-formelle\/\" \/>\n<meta property=\"og:site_name\" content=\"Rapport national sur l\u2019\u00e9ducation au Luxembourg 2021\" \/>\n<meta property=\"article:modified_time\" content=\"2021-12-05T20:23:42+00:00\" \/>\n<meta name=\"twitter:card\" content=\"summary_large_image\" \/>\n<meta name=\"twitter:label1\" content=\"Dur\u00e9e de lecture estim\u00e9e\" \/>\n\t<meta name=\"twitter:data1\" content=\"1 minute\" \/>\n<script type=\"application\/ld+json\" class=\"yoast-schema-graph\">{\"@context\":\"https:\\\/\\\/schema.org\",\"@graph\":[{\"@type\":\"WebPage\",\"@id\":\"https:\\\/\\\/bildungsbericht.lu\\\/fr\\\/article\\\/lanimation-socio-educative-au-luxembourg-dun-espace-ouvert-de-lapprentissage-autonome-volontaire-a-une-offre-standardisee-de-leducation-non-formelle\\\/\",\"url\":\"https:\\\/\\\/bildungsbericht.lu\\\/fr\\\/article\\\/lanimation-socio-educative-au-luxembourg-dun-espace-ouvert-de-lapprentissage-autonome-volontaire-a-une-offre-standardisee-de-leducation-non-formelle\\\/\",\"name\":\"L\u2019animation socio-\u00e9ducative au Luxembourg : d\u2019un espace ouvert de l\u2019apprentissage autonome volontaire \u00e0 une offre standardis\u00e9e de l\u2019\u00e9ducation non formelle ? - Rapport national sur l\u2019\u00e9ducation au Luxembourg 2021\",\"isPartOf\":{\"@id\":\"https:\\\/\\\/bildungsbericht.lu\\\/#website\"},\"datePublished\":\"2021-12-04T15:15:30+00:00\",\"dateModified\":\"2021-12-05T20:23:42+00:00\",\"breadcrumb\":{\"@id\":\"https:\\\/\\\/bildungsbericht.lu\\\/fr\\\/article\\\/lanimation-socio-educative-au-luxembourg-dun-espace-ouvert-de-lapprentissage-autonome-volontaire-a-une-offre-standardisee-de-leducation-non-formelle\\\/#breadcrumb\"},\"inLanguage\":\"fr-FR\",\"potentialAction\":[{\"@type\":\"ReadAction\",\"target\":[\"https:\\\/\\\/bildungsbericht.lu\\\/fr\\\/article\\\/lanimation-socio-educative-au-luxembourg-dun-espace-ouvert-de-lapprentissage-autonome-volontaire-a-une-offre-standardisee-de-leducation-non-formelle\\\/\"]}]},{\"@type\":\"BreadcrumbList\",\"@id\":\"https:\\\/\\\/bildungsbericht.lu\\\/fr\\\/article\\\/lanimation-socio-educative-au-luxembourg-dun-espace-ouvert-de-lapprentissage-autonome-volontaire-a-une-offre-standardisee-de-leducation-non-formelle\\\/#breadcrumb\",\"itemListElement\":[{\"@type\":\"ListItem\",\"position\":1,\"name\":\"Startseite\",\"item\":\"https:\\\/\\\/bildungsbericht.lu\\\/fr\\\/\"},{\"@type\":\"ListItem\",\"position\":2,\"name\":\"Artikel\",\"item\":\"https:\\\/\\\/bildungsbericht.lu\\\/artikel\\\/\"},{\"@type\":\"ListItem\",\"position\":3,\"name\":\"L\u2019animation socio-\u00e9ducative au Luxembourg : d\u2019un espace ouvert de l\u2019apprentissage autonome volontaire \u00e0 une offre standardis\u00e9e de l\u2019\u00e9ducation non formelle ?\"}]},{\"@type\":\"WebSite\",\"@id\":\"https:\\\/\\\/bildungsbericht.lu\\\/#website\",\"url\":\"https:\\\/\\\/bildungsbericht.lu\\\/\",\"name\":\"Nationaler Bildungsbericht Luxemburg 2024\",\"description\":\"\",\"publisher\":{\"@id\":\"https:\\\/\\\/bildungsbericht.lu\\\/#organization\"},\"potentialAction\":[{\"@type\":\"SearchAction\",\"target\":{\"@type\":\"EntryPoint\",\"urlTemplate\":\"https:\\\/\\\/bildungsbericht.lu\\\/?s={search_term_string}\"},\"query-input\":{\"@type\":\"PropertyValueSpecification\",\"valueRequired\":true,\"valueName\":\"search_term_string\"}}],\"inLanguage\":\"fr-FR\"},{\"@type\":\"Organization\",\"@id\":\"https:\\\/\\\/bildungsbericht.lu\\\/#organization\",\"name\":\"University of Luxembourg\",\"url\":\"https:\\\/\\\/bildungsbericht.lu\\\/\",\"logo\":{\"@type\":\"ImageObject\",\"inLanguage\":\"fr-FR\",\"@id\":\"https:\\\/\\\/bildungsbericht.lu\\\/#\\\/schema\\\/logo\\\/image\\\/\",\"url\":\"https:\\\/\\\/bildungsbericht.lu\\\/wp-content\\\/uploads\\\/2021\\\/04\\\/university_of_luxembourg_logo.svg\",\"contentUrl\":\"https:\\\/\\\/bildungsbericht.lu\\\/wp-content\\\/uploads\\\/2021\\\/04\\\/university_of_luxembourg_logo.svg\",\"width\":500,\"height\":423,\"caption\":\"University of Luxembourg\"},\"image\":{\"@id\":\"https:\\\/\\\/bildungsbericht.lu\\\/#\\\/schema\\\/logo\\\/image\\\/\"}}]}<\/script>\n<!-- \/ Yoast SEO plugin. -->","yoast_head_json":{"title":"L\u2019animation socio-\u00e9ducative au Luxembourg : d\u2019un espace ouvert de l\u2019apprentissage autonome volontaire \u00e0 une offre standardis\u00e9e de l\u2019\u00e9ducation non formelle ? - Rapport national sur l\u2019\u00e9ducation au Luxembourg 2021","robots":{"index":"index","follow":"follow","max-snippet":"max-snippet:-1","max-image-preview":"max-image-preview:large","max-video-preview":"max-video-preview:-1"},"canonical":"https:\/\/bildungsbericht.lu\/fr\/article\/lanimation-socio-educative-au-luxembourg-dun-espace-ouvert-de-lapprentissage-autonome-volontaire-a-une-offre-standardisee-de-leducation-non-formelle\/","og_locale":"fr_FR","og_type":"article","og_title":"L\u2019animation socio-\u00e9ducative au Luxembourg : d\u2019un espace ouvert de l\u2019apprentissage autonome volontaire \u00e0 une offre standardis\u00e9e de l\u2019\u00e9ducation non formelle ? - Rapport national sur l\u2019\u00e9ducation au Luxembourg 2021","og_description":"Au Grand-Duch\u00e9, l\u2019orientation p\u00e9dagogique de l\u2019animation socio-\u00e9ducative, c.-\u00e0-d. du travail avec les jeunes, a chang\u00e9 au cours des derni\u00e8res ann\u00e9es. D\u00e9fini comme un volet de l\u2019\u00e9ducation non formelle, ce champ...","og_url":"https:\/\/bildungsbericht.lu\/fr\/article\/lanimation-socio-educative-au-luxembourg-dun-espace-ouvert-de-lapprentissage-autonome-volontaire-a-une-offre-standardisee-de-leducation-non-formelle\/","og_site_name":"Rapport national sur l\u2019\u00e9ducation au Luxembourg 2021","article_modified_time":"2021-12-05T20:23:42+00:00","twitter_card":"summary_large_image","twitter_misc":{"Dur\u00e9e de lecture estim\u00e9e":"1 minute"},"schema":{"@context":"https:\/\/schema.org","@graph":[{"@type":"WebPage","@id":"https:\/\/bildungsbericht.lu\/fr\/article\/lanimation-socio-educative-au-luxembourg-dun-espace-ouvert-de-lapprentissage-autonome-volontaire-a-une-offre-standardisee-de-leducation-non-formelle\/","url":"https:\/\/bildungsbericht.lu\/fr\/article\/lanimation-socio-educative-au-luxembourg-dun-espace-ouvert-de-lapprentissage-autonome-volontaire-a-une-offre-standardisee-de-leducation-non-formelle\/","name":"L\u2019animation socio-\u00e9ducative au Luxembourg : d\u2019un espace ouvert de l\u2019apprentissage autonome volontaire \u00e0 une offre standardis\u00e9e de l\u2019\u00e9ducation non formelle ? - Rapport national sur l\u2019\u00e9ducation au Luxembourg 2021","isPartOf":{"@id":"https:\/\/bildungsbericht.lu\/#website"},"datePublished":"2021-12-04T15:15:30+00:00","dateModified":"2021-12-05T20:23:42+00:00","breadcrumb":{"@id":"https:\/\/bildungsbericht.lu\/fr\/article\/lanimation-socio-educative-au-luxembourg-dun-espace-ouvert-de-lapprentissage-autonome-volontaire-a-une-offre-standardisee-de-leducation-non-formelle\/#breadcrumb"},"inLanguage":"fr-FR","potentialAction":[{"@type":"ReadAction","target":["https:\/\/bildungsbericht.lu\/fr\/article\/lanimation-socio-educative-au-luxembourg-dun-espace-ouvert-de-lapprentissage-autonome-volontaire-a-une-offre-standardisee-de-leducation-non-formelle\/"]}]},{"@type":"BreadcrumbList","@id":"https:\/\/bildungsbericht.lu\/fr\/article\/lanimation-socio-educative-au-luxembourg-dun-espace-ouvert-de-lapprentissage-autonome-volontaire-a-une-offre-standardisee-de-leducation-non-formelle\/#breadcrumb","itemListElement":[{"@type":"ListItem","position":1,"name":"Startseite","item":"https:\/\/bildungsbericht.lu\/fr\/"},{"@type":"ListItem","position":2,"name":"Artikel","item":"https:\/\/bildungsbericht.lu\/artikel\/"},{"@type":"ListItem","position":3,"name":"L\u2019animation socio-\u00e9ducative au Luxembourg : d\u2019un espace ouvert de l\u2019apprentissage autonome volontaire \u00e0 une offre standardis\u00e9e de l\u2019\u00e9ducation non formelle ?"}]},{"@type":"WebSite","@id":"https:\/\/bildungsbericht.lu\/#website","url":"https:\/\/bildungsbericht.lu\/","name":"Nationaler Bildungsbericht Luxemburg 2024","description":"","publisher":{"@id":"https:\/\/bildungsbericht.lu\/#organization"},"potentialAction":[{"@type":"SearchAction","target":{"@type":"EntryPoint","urlTemplate":"https:\/\/bildungsbericht.lu\/?s={search_term_string}"},"query-input":{"@type":"PropertyValueSpecification","valueRequired":true,"valueName":"search_term_string"}}],"inLanguage":"fr-FR"},{"@type":"Organization","@id":"https:\/\/bildungsbericht.lu\/#organization","name":"University of Luxembourg","url":"https:\/\/bildungsbericht.lu\/","logo":{"@type":"ImageObject","inLanguage":"fr-FR","@id":"https:\/\/bildungsbericht.lu\/#\/schema\/logo\/image\/","url":"https:\/\/bildungsbericht.lu\/wp-content\/uploads\/2021\/04\/university_of_luxembourg_logo.svg","contentUrl":"https:\/\/bildungsbericht.lu\/wp-content\/uploads\/2021\/04\/university_of_luxembourg_logo.svg","width":500,"height":423,"caption":"University of Luxembourg"},"image":{"@id":"https:\/\/bildungsbericht.lu\/#\/schema\/logo\/image\/"}}]}},"_links":{"self":[{"href":"https:\/\/bildungsbericht.lu\/fr\/wp-json\/wp\/v2\/article\/1562","targetHints":{"allow":["GET"]}}],"collection":[{"href":"https:\/\/bildungsbericht.lu\/fr\/wp-json\/wp\/v2\/article"}],"about":[{"href":"https:\/\/bildungsbericht.lu\/fr\/wp-json\/wp\/v2\/types\/article"}],"wp:attachment":[{"href":"https:\/\/bildungsbericht.lu\/fr\/wp-json\/wp\/v2\/media?parent=1562"}],"wp:term":[{"taxonomy":"report_year","embeddable":true,"href":"https:\/\/bildungsbericht.lu\/fr\/wp-json\/wp\/v2\/report_year?post=1562"},{"taxonomy":"chapter","embeddable":true,"href":"https:\/\/bildungsbericht.lu\/fr\/wp-json\/wp\/v2\/chapter?post=1562"}],"curies":[{"name":"wp","href":"https:\/\/api.w.org\/{rel}","templated":true}]}}