{"id":1577,"date":"2021-12-04T16:04:03","date_gmt":"2021-12-04T15:04:03","guid":{"rendered":"https:\/\/bildungsbericht.cuco.dev\/artikel\/schu%cc%88lerinnen-und-schu%cc%88ler-im-luxemburgischen-schulsystem\/"},"modified":"2022-01-06T12:22:06","modified_gmt":"2022-01-06T11:22:06","slug":"les-eleves-dans-le-systeme-scolaire-luxembourgeois","status":"publish","type":"article","link":"https:\/\/bildungsbericht.lu\/fr\/article\/les-eleves-dans-le-systeme-scolaire-luxembourgeois\/","title":{"rendered":"Les \u00e9l\u00e8ves dans le syst\u00e8me scolaire luxembourgeois"},"content":{"rendered":"<p class=\"p1\">La population luxembourgeoise pr\u00e9sente une structure tr\u00e8s internationale et se caract\u00e9rise par une proportion croissante de citoyen(ne)s \u00e9trangers(\u00e8res) (voir Factsheet 1). Cela vaut bien s\u00fbr \u00e9galement pour la population scolaire. La pr\u00e9sente fiche vise ainsi \u00e0 illustrer la r\u00e9partition des \u00e9l\u00e8ves au fil du temps selon la nationalit\u00e9, la langue parl\u00e9e \u00e0 la maison et le sexe dans les diff\u00e9rents types d&rsquo;enseignement. Notre analyse prend en compte tous les \u00e9l\u00e8ves qui \u00e9taient inscrits en fin d&rsquo;ann\u00e9e scolaire dans des \u00e9coles luxembourgeoises appliquant un programme national ou international (\u00e0 l&rsquo;exclusion des \u00e9coles europ\u00e9ennes et internationales).<\/p>\n","protected":false},"template":"","report_year":[],"chapter":[25],"class_list":{"0":"post-1577","1":"article","2":"type-article","3":"status-publish","5":"chapter-enseignement-secondaire-fr"},"acf":[],"yoast_head":"<!-- This site is optimized with the Yoast SEO plugin v27.5 - https:\/\/yoast.com\/product\/yoast-seo-wordpress\/ -->\n<title>Les \u00e9l\u00e8ves dans le syst\u00e8me scolaire luxembourgeois - Rapport national sur l\u2019\u00e9ducation au Luxembourg 2021<\/title>\n<meta name=\"robots\" content=\"index, follow, max-snippet:-1, max-image-preview:large, max-video-preview:-1\" \/>\n<link rel=\"canonical\" href=\"https:\/\/bildungsbericht.lu\/fr\/article\/les-eleves-dans-le-systeme-scolaire-luxembourgeois\/\" \/>\n<meta property=\"og:locale\" content=\"fr_FR\" \/>\n<meta property=\"og:type\" content=\"article\" \/>\n<meta property=\"og:title\" content=\"Les \u00e9l\u00e8ves dans le syst\u00e8me scolaire luxembourgeois - Rapport national sur l\u2019\u00e9ducation au Luxembourg 2021\" \/>\n<meta property=\"og:description\" content=\"La population luxembourgeoise pr\u00e9sente une structure tr\u00e8s internationale et se caract\u00e9rise par une proportion croissante de citoyen(ne)s \u00e9trangers(\u00e8res) (voir Factsheet 1). Cela vaut bien s\u00fbr \u00e9galement pour la population scolaire....\" \/>\n<meta property=\"og:url\" content=\"https:\/\/bildungsbericht.lu\/fr\/article\/les-eleves-dans-le-systeme-scolaire-luxembourgeois\/\" \/>\n<meta property=\"og:site_name\" content=\"Rapport national sur l\u2019\u00e9ducation au Luxembourg 2021\" \/>\n<meta property=\"article:modified_time\" content=\"2022-01-06T11:22:06+00:00\" \/>\n<meta name=\"twitter:card\" content=\"summary_large_image\" \/>\n<meta name=\"twitter:label1\" content=\"Dur\u00e9e de lecture estim\u00e9e\" \/>\n\t<meta name=\"twitter:data1\" content=\"1 minute\" \/>\n<script type=\"application\/ld+json\" class=\"yoast-schema-graph\">{\"@context\":\"https:\\\/\\\/schema.org\",\"@graph\":[{\"@type\":\"WebPage\",\"@id\":\"https:\\\/\\\/bildungsbericht.lu\\\/fr\\\/article\\\/les-eleves-dans-le-systeme-scolaire-luxembourgeois\\\/\",\"url\":\"https:\\\/\\\/bildungsbericht.lu\\\/fr\\\/article\\\/les-eleves-dans-le-systeme-scolaire-luxembourgeois\\\/\",\"name\":\"Les \u00e9l\u00e8ves dans le syst\u00e8me scolaire luxembourgeois - Rapport national sur l\u2019\u00e9ducation au Luxembourg 2021\",\"isPartOf\":{\"@id\":\"https:\\\/\\\/bildungsbericht.lu\\\/#website\"},\"datePublished\":\"2021-12-04T15:04:03+00:00\",\"dateModified\":\"2022-01-06T11:22:06+00:00\",\"breadcrumb\":{\"@id\":\"https:\\\/\\\/bildungsbericht.lu\\\/fr\\\/article\\\/les-eleves-dans-le-systeme-scolaire-luxembourgeois\\\/#breadcrumb\"},\"inLanguage\":\"fr-FR\",\"potentialAction\":[{\"@type\":\"ReadAction\",\"target\":[\"https:\\\/\\\/bildungsbericht.lu\\\/fr\\\/article\\\/les-eleves-dans-le-systeme-scolaire-luxembourgeois\\\/\"]}]},{\"@type\":\"BreadcrumbList\",\"@id\":\"https:\\\/\\\/bildungsbericht.lu\\\/fr\\\/article\\\/les-eleves-dans-le-systeme-scolaire-luxembourgeois\\\/#breadcrumb\",\"itemListElement\":[{\"@type\":\"ListItem\",\"position\":1,\"name\":\"Startseite\",\"item\":\"https:\\\/\\\/bildungsbericht.lu\\\/fr\\\/\"},{\"@type\":\"ListItem\",\"position\":2,\"name\":\"Artikel\",\"item\":\"https:\\\/\\\/bildungsbericht.lu\\\/artikel\\\/\"},{\"@type\":\"ListItem\",\"position\":3,\"name\":\"Les \u00e9l\u00e8ves dans le syst\u00e8me scolaire luxembourgeois\"}]},{\"@type\":\"WebSite\",\"@id\":\"https:\\\/\\\/bildungsbericht.lu\\\/#website\",\"url\":\"https:\\\/\\\/bildungsbericht.lu\\\/\",\"name\":\"Nationaler Bildungsbericht Luxemburg 2024\",\"description\":\"\",\"publisher\":{\"@id\":\"https:\\\/\\\/bildungsbericht.lu\\\/#organization\"},\"potentialAction\":[{\"@type\":\"SearchAction\",\"target\":{\"@type\":\"EntryPoint\",\"urlTemplate\":\"https:\\\/\\\/bildungsbericht.lu\\\/?s={search_term_string}\"},\"query-input\":{\"@type\":\"PropertyValueSpecification\",\"valueRequired\":true,\"valueName\":\"search_term_string\"}}],\"inLanguage\":\"fr-FR\"},{\"@type\":\"Organization\",\"@id\":\"https:\\\/\\\/bildungsbericht.lu\\\/#organization\",\"name\":\"University of Luxembourg\",\"url\":\"https:\\\/\\\/bildungsbericht.lu\\\/\",\"logo\":{\"@type\":\"ImageObject\",\"inLanguage\":\"fr-FR\",\"@id\":\"https:\\\/\\\/bildungsbericht.lu\\\/#\\\/schema\\\/logo\\\/image\\\/\",\"url\":\"https:\\\/\\\/bildungsbericht.lu\\\/wp-content\\\/uploads\\\/2021\\\/04\\\/university_of_luxembourg_logo.svg\",\"contentUrl\":\"https:\\\/\\\/bildungsbericht.lu\\\/wp-content\\\/uploads\\\/2021\\\/04\\\/university_of_luxembourg_logo.svg\",\"width\":500,\"height\":423,\"caption\":\"University of Luxembourg\"},\"image\":{\"@id\":\"https:\\\/\\\/bildungsbericht.lu\\\/#\\\/schema\\\/logo\\\/image\\\/\"}}]}<\/script>\n<!-- \/ Yoast SEO plugin. -->","yoast_head_json":{"title":"Les \u00e9l\u00e8ves dans le syst\u00e8me scolaire luxembourgeois - Rapport national sur l\u2019\u00e9ducation au Luxembourg 2021","robots":{"index":"index","follow":"follow","max-snippet":"max-snippet:-1","max-image-preview":"max-image-preview:large","max-video-preview":"max-video-preview:-1"},"canonical":"https:\/\/bildungsbericht.lu\/fr\/article\/les-eleves-dans-le-systeme-scolaire-luxembourgeois\/","og_locale":"fr_FR","og_type":"article","og_title":"Les \u00e9l\u00e8ves dans le syst\u00e8me scolaire luxembourgeois - Rapport national sur l\u2019\u00e9ducation au Luxembourg 2021","og_description":"La population luxembourgeoise pr\u00e9sente une structure tr\u00e8s internationale et se caract\u00e9rise par une proportion croissante de citoyen(ne)s \u00e9trangers(\u00e8res) (voir Factsheet 1). Cela vaut bien s\u00fbr \u00e9galement pour la population scolaire....","og_url":"https:\/\/bildungsbericht.lu\/fr\/article\/les-eleves-dans-le-systeme-scolaire-luxembourgeois\/","og_site_name":"Rapport national sur l\u2019\u00e9ducation au Luxembourg 2021","article_modified_time":"2022-01-06T11:22:06+00:00","twitter_card":"summary_large_image","twitter_misc":{"Dur\u00e9e de lecture estim\u00e9e":"1 minute"},"schema":{"@context":"https:\/\/schema.org","@graph":[{"@type":"WebPage","@id":"https:\/\/bildungsbericht.lu\/fr\/article\/les-eleves-dans-le-systeme-scolaire-luxembourgeois\/","url":"https:\/\/bildungsbericht.lu\/fr\/article\/les-eleves-dans-le-systeme-scolaire-luxembourgeois\/","name":"Les \u00e9l\u00e8ves dans le syst\u00e8me scolaire luxembourgeois - Rapport national sur l\u2019\u00e9ducation au Luxembourg 2021","isPartOf":{"@id":"https:\/\/bildungsbericht.lu\/#website"},"datePublished":"2021-12-04T15:04:03+00:00","dateModified":"2022-01-06T11:22:06+00:00","breadcrumb":{"@id":"https:\/\/bildungsbericht.lu\/fr\/article\/les-eleves-dans-le-systeme-scolaire-luxembourgeois\/#breadcrumb"},"inLanguage":"fr-FR","potentialAction":[{"@type":"ReadAction","target":["https:\/\/bildungsbericht.lu\/fr\/article\/les-eleves-dans-le-systeme-scolaire-luxembourgeois\/"]}]},{"@type":"BreadcrumbList","@id":"https:\/\/bildungsbericht.lu\/fr\/article\/les-eleves-dans-le-systeme-scolaire-luxembourgeois\/#breadcrumb","itemListElement":[{"@type":"ListItem","position":1,"name":"Startseite","item":"https:\/\/bildungsbericht.lu\/fr\/"},{"@type":"ListItem","position":2,"name":"Artikel","item":"https:\/\/bildungsbericht.lu\/artikel\/"},{"@type":"ListItem","position":3,"name":"Les \u00e9l\u00e8ves dans le syst\u00e8me scolaire luxembourgeois"}]},{"@type":"WebSite","@id":"https:\/\/bildungsbericht.lu\/#website","url":"https:\/\/bildungsbericht.lu\/","name":"Nationaler Bildungsbericht Luxemburg 2024","description":"","publisher":{"@id":"https:\/\/bildungsbericht.lu\/#organization"},"potentialAction":[{"@type":"SearchAction","target":{"@type":"EntryPoint","urlTemplate":"https:\/\/bildungsbericht.lu\/?s={search_term_string}"},"query-input":{"@type":"PropertyValueSpecification","valueRequired":true,"valueName":"search_term_string"}}],"inLanguage":"fr-FR"},{"@type":"Organization","@id":"https:\/\/bildungsbericht.lu\/#organization","name":"University of Luxembourg","url":"https:\/\/bildungsbericht.lu\/","logo":{"@type":"ImageObject","inLanguage":"fr-FR","@id":"https:\/\/bildungsbericht.lu\/#\/schema\/logo\/image\/","url":"https:\/\/bildungsbericht.lu\/wp-content\/uploads\/2021\/04\/university_of_luxembourg_logo.svg","contentUrl":"https:\/\/bildungsbericht.lu\/wp-content\/uploads\/2021\/04\/university_of_luxembourg_logo.svg","width":500,"height":423,"caption":"University of Luxembourg"},"image":{"@id":"https:\/\/bildungsbericht.lu\/#\/schema\/logo\/image\/"}}]}},"_links":{"self":[{"href":"https:\/\/bildungsbericht.lu\/fr\/wp-json\/wp\/v2\/article\/1577","targetHints":{"allow":["GET"]}}],"collection":[{"href":"https:\/\/bildungsbericht.lu\/fr\/wp-json\/wp\/v2\/article"}],"about":[{"href":"https:\/\/bildungsbericht.lu\/fr\/wp-json\/wp\/v2\/types\/article"}],"wp:attachment":[{"href":"https:\/\/bildungsbericht.lu\/fr\/wp-json\/wp\/v2\/media?parent=1577"}],"wp:term":[{"taxonomy":"report_year","embeddable":true,"href":"https:\/\/bildungsbericht.lu\/fr\/wp-json\/wp\/v2\/report_year?post=1577"},{"taxonomy":"chapter","embeddable":true,"href":"https:\/\/bildungsbericht.lu\/fr\/wp-json\/wp\/v2\/chapter?post=1577"}],"curies":[{"name":"wp","href":"https:\/\/api.w.org\/{rel}","templated":true}]}}