{"id":1932,"date":"2021-12-07T18:36:29","date_gmt":"2021-12-07T17:36:29","guid":{"rendered":"https:\/\/bildungsbericht.cuco.dev\/artikel\/non-formale-bildung-im-vorschulalter\/"},"modified":"2021-12-07T20:14:19","modified_gmt":"2021-12-07T19:14:19","slug":"education-non-formelle-a-lage-prescolaire","status":"publish","type":"article","link":"https:\/\/bildungsbericht.lu\/fr\/article\/education-non-formelle-a-lage-prescolaire\/","title":{"rendered":"\u00c9ducation non formelle \u00e0 l&rsquo;\u00e2ge pr\u00e9scolaire"},"content":{"rendered":"<p>Le domaine de l\u2019\u00e9ducation non formelle \u00e0 l\u2019\u00e2ge pr\u00e9scolaire a connu au cours des 15 derni\u00e8res ann\u00e9es des modifications qui sont peut-\u00eatre les plus importantes en comparaison aux autres segments du syst\u00e8me \u00e9ducatif au Luxembourg. Cette tendance s\u2019est poursuivie depuis la parution du dernier rapport sur l\u2019\u00e9ducation. Dans ce d\u00e9veloppement, qui perdure depuis la fin des ann\u00e9es 1990, deux temps forts sont essentiels : d\u2019une part l\u2019expansion, importante d\u2019un point de vue quantitatif, des structures d\u2019\u00e9ducation et d\u2019accueil de la petite enfance et, d\u2019autre part, la pouss\u00e9e vers plus de p\u00e9dagogie, significative sur un plan qualitatif, que le secteur a connue comme gage de sa red\u00e9finition en tant que domaine d\u2019\u00e9ducation non formelle. Alors qu\u2019une \u00e9volution consid\u00e9rable s\u2019est dessin\u00e9e, avec une augmentation fulgurante du nombre de places dans les structures, la p\u00e9dagogisation s\u2019est manifest\u00e9e par une s\u00e9rie de nouvelles r\u00e9glementations par la loi et de mesures ciblant le d\u00e9veloppement de la qualit\u00e9. Le Luxembourg suit (avec un peu de retard) une tendance internationale. Sous le signe de l\u2019\u00e9ducation, on observe une institutionnalisation grandissante des phases pr\u00e9coces de la vie au-del\u00e0 des structures familiales.<\/p>\n","protected":false},"template":"","report_year":[],"chapter":[],"class_list":["post-1932","article","type-article","status-publish"],"acf":[],"yoast_head":"<!-- This site is optimized with the Yoast SEO plugin v27.5 - https:\/\/yoast.com\/product\/yoast-seo-wordpress\/ -->\n<title>\u00c9ducation non formelle \u00e0 l&#039;\u00e2ge pr\u00e9scolaire - Rapport national sur l\u2019\u00e9ducation au Luxembourg 2021<\/title>\n<meta name=\"robots\" content=\"index, follow, max-snippet:-1, max-image-preview:large, max-video-preview:-1\" \/>\n<link rel=\"canonical\" href=\"https:\/\/bildungsbericht.lu\/fr\/article\/education-non-formelle-a-lage-prescolaire\/\" \/>\n<meta property=\"og:locale\" content=\"fr_FR\" \/>\n<meta property=\"og:type\" content=\"article\" \/>\n<meta property=\"og:title\" content=\"\u00c9ducation non formelle \u00e0 l&#039;\u00e2ge pr\u00e9scolaire - Rapport national sur l\u2019\u00e9ducation au Luxembourg 2021\" \/>\n<meta property=\"og:description\" content=\"Le domaine de l\u2019\u00e9ducation non formelle \u00e0 l\u2019\u00e2ge pr\u00e9scolaire a connu au cours des 15 derni\u00e8res ann\u00e9es des modifications qui sont peut-\u00eatre les plus importantes en comparaison aux autres segments...\" \/>\n<meta property=\"og:url\" content=\"https:\/\/bildungsbericht.lu\/fr\/article\/education-non-formelle-a-lage-prescolaire\/\" \/>\n<meta property=\"og:site_name\" content=\"Rapport national sur l\u2019\u00e9ducation au Luxembourg 2021\" \/>\n<meta property=\"article:modified_time\" content=\"2021-12-07T19:14:19+00:00\" \/>\n<meta name=\"twitter:card\" content=\"summary_large_image\" \/>\n<meta name=\"twitter:label1\" content=\"Dur\u00e9e de lecture estim\u00e9e\" \/>\n\t<meta name=\"twitter:data1\" content=\"1 minute\" \/>\n<script type=\"application\/ld+json\" class=\"yoast-schema-graph\">{\"@context\":\"https:\\\/\\\/schema.org\",\"@graph\":[{\"@type\":\"WebPage\",\"@id\":\"https:\\\/\\\/bildungsbericht.lu\\\/fr\\\/article\\\/education-non-formelle-a-lage-prescolaire\\\/\",\"url\":\"https:\\\/\\\/bildungsbericht.lu\\\/fr\\\/article\\\/education-non-formelle-a-lage-prescolaire\\\/\",\"name\":\"\u00c9ducation non formelle \u00e0 l'\u00e2ge pr\u00e9scolaire - Rapport national sur l\u2019\u00e9ducation au Luxembourg 2021\",\"isPartOf\":{\"@id\":\"https:\\\/\\\/bildungsbericht.lu\\\/#website\"},\"datePublished\":\"2021-12-07T17:36:29+00:00\",\"dateModified\":\"2021-12-07T19:14:19+00:00\",\"breadcrumb\":{\"@id\":\"https:\\\/\\\/bildungsbericht.lu\\\/fr\\\/article\\\/education-non-formelle-a-lage-prescolaire\\\/#breadcrumb\"},\"inLanguage\":\"fr-FR\",\"potentialAction\":[{\"@type\":\"ReadAction\",\"target\":[\"https:\\\/\\\/bildungsbericht.lu\\\/fr\\\/article\\\/education-non-formelle-a-lage-prescolaire\\\/\"]}]},{\"@type\":\"BreadcrumbList\",\"@id\":\"https:\\\/\\\/bildungsbericht.lu\\\/fr\\\/article\\\/education-non-formelle-a-lage-prescolaire\\\/#breadcrumb\",\"itemListElement\":[{\"@type\":\"ListItem\",\"position\":1,\"name\":\"Startseite\",\"item\":\"https:\\\/\\\/bildungsbericht.lu\\\/fr\\\/\"},{\"@type\":\"ListItem\",\"position\":2,\"name\":\"Artikel\",\"item\":\"https:\\\/\\\/bildungsbericht.lu\\\/artikel\\\/\"},{\"@type\":\"ListItem\",\"position\":3,\"name\":\"\u00c9ducation non formelle \u00e0 l&rsquo;\u00e2ge pr\u00e9scolaire\"}]},{\"@type\":\"WebSite\",\"@id\":\"https:\\\/\\\/bildungsbericht.lu\\\/#website\",\"url\":\"https:\\\/\\\/bildungsbericht.lu\\\/\",\"name\":\"Nationaler Bildungsbericht Luxemburg 2024\",\"description\":\"\",\"publisher\":{\"@id\":\"https:\\\/\\\/bildungsbericht.lu\\\/#organization\"},\"potentialAction\":[{\"@type\":\"SearchAction\",\"target\":{\"@type\":\"EntryPoint\",\"urlTemplate\":\"https:\\\/\\\/bildungsbericht.lu\\\/?s={search_term_string}\"},\"query-input\":{\"@type\":\"PropertyValueSpecification\",\"valueRequired\":true,\"valueName\":\"search_term_string\"}}],\"inLanguage\":\"fr-FR\"},{\"@type\":\"Organization\",\"@id\":\"https:\\\/\\\/bildungsbericht.lu\\\/#organization\",\"name\":\"University of Luxembourg\",\"url\":\"https:\\\/\\\/bildungsbericht.lu\\\/\",\"logo\":{\"@type\":\"ImageObject\",\"inLanguage\":\"fr-FR\",\"@id\":\"https:\\\/\\\/bildungsbericht.lu\\\/#\\\/schema\\\/logo\\\/image\\\/\",\"url\":\"https:\\\/\\\/bildungsbericht.lu\\\/wp-content\\\/uploads\\\/2021\\\/04\\\/university_of_luxembourg_logo.svg\",\"contentUrl\":\"https:\\\/\\\/bildungsbericht.lu\\\/wp-content\\\/uploads\\\/2021\\\/04\\\/university_of_luxembourg_logo.svg\",\"width\":500,\"height\":423,\"caption\":\"University of Luxembourg\"},\"image\":{\"@id\":\"https:\\\/\\\/bildungsbericht.lu\\\/#\\\/schema\\\/logo\\\/image\\\/\"}}]}<\/script>\n<!-- \/ Yoast SEO plugin. -->","yoast_head_json":{"title":"\u00c9ducation non formelle \u00e0 l'\u00e2ge pr\u00e9scolaire - Rapport national sur l\u2019\u00e9ducation au Luxembourg 2021","robots":{"index":"index","follow":"follow","max-snippet":"max-snippet:-1","max-image-preview":"max-image-preview:large","max-video-preview":"max-video-preview:-1"},"canonical":"https:\/\/bildungsbericht.lu\/fr\/article\/education-non-formelle-a-lage-prescolaire\/","og_locale":"fr_FR","og_type":"article","og_title":"\u00c9ducation non formelle \u00e0 l'\u00e2ge pr\u00e9scolaire - Rapport national sur l\u2019\u00e9ducation au Luxembourg 2021","og_description":"Le domaine de l\u2019\u00e9ducation non formelle \u00e0 l\u2019\u00e2ge pr\u00e9scolaire a connu au cours des 15 derni\u00e8res ann\u00e9es des modifications qui sont peut-\u00eatre les plus importantes en comparaison aux autres segments...","og_url":"https:\/\/bildungsbericht.lu\/fr\/article\/education-non-formelle-a-lage-prescolaire\/","og_site_name":"Rapport national sur l\u2019\u00e9ducation au Luxembourg 2021","article_modified_time":"2021-12-07T19:14:19+00:00","twitter_card":"summary_large_image","twitter_misc":{"Dur\u00e9e de lecture estim\u00e9e":"1 minute"},"schema":{"@context":"https:\/\/schema.org","@graph":[{"@type":"WebPage","@id":"https:\/\/bildungsbericht.lu\/fr\/article\/education-non-formelle-a-lage-prescolaire\/","url":"https:\/\/bildungsbericht.lu\/fr\/article\/education-non-formelle-a-lage-prescolaire\/","name":"\u00c9ducation non formelle \u00e0 l'\u00e2ge pr\u00e9scolaire - Rapport national sur l\u2019\u00e9ducation au Luxembourg 2021","isPartOf":{"@id":"https:\/\/bildungsbericht.lu\/#website"},"datePublished":"2021-12-07T17:36:29+00:00","dateModified":"2021-12-07T19:14:19+00:00","breadcrumb":{"@id":"https:\/\/bildungsbericht.lu\/fr\/article\/education-non-formelle-a-lage-prescolaire\/#breadcrumb"},"inLanguage":"fr-FR","potentialAction":[{"@type":"ReadAction","target":["https:\/\/bildungsbericht.lu\/fr\/article\/education-non-formelle-a-lage-prescolaire\/"]}]},{"@type":"BreadcrumbList","@id":"https:\/\/bildungsbericht.lu\/fr\/article\/education-non-formelle-a-lage-prescolaire\/#breadcrumb","itemListElement":[{"@type":"ListItem","position":1,"name":"Startseite","item":"https:\/\/bildungsbericht.lu\/fr\/"},{"@type":"ListItem","position":2,"name":"Artikel","item":"https:\/\/bildungsbericht.lu\/artikel\/"},{"@type":"ListItem","position":3,"name":"\u00c9ducation non formelle \u00e0 l&rsquo;\u00e2ge pr\u00e9scolaire"}]},{"@type":"WebSite","@id":"https:\/\/bildungsbericht.lu\/#website","url":"https:\/\/bildungsbericht.lu\/","name":"Nationaler Bildungsbericht Luxemburg 2024","description":"","publisher":{"@id":"https:\/\/bildungsbericht.lu\/#organization"},"potentialAction":[{"@type":"SearchAction","target":{"@type":"EntryPoint","urlTemplate":"https:\/\/bildungsbericht.lu\/?s={search_term_string}"},"query-input":{"@type":"PropertyValueSpecification","valueRequired":true,"valueName":"search_term_string"}}],"inLanguage":"fr-FR"},{"@type":"Organization","@id":"https:\/\/bildungsbericht.lu\/#organization","name":"University of Luxembourg","url":"https:\/\/bildungsbericht.lu\/","logo":{"@type":"ImageObject","inLanguage":"fr-FR","@id":"https:\/\/bildungsbericht.lu\/#\/schema\/logo\/image\/","url":"https:\/\/bildungsbericht.lu\/wp-content\/uploads\/2021\/04\/university_of_luxembourg_logo.svg","contentUrl":"https:\/\/bildungsbericht.lu\/wp-content\/uploads\/2021\/04\/university_of_luxembourg_logo.svg","width":500,"height":423,"caption":"University of Luxembourg"},"image":{"@id":"https:\/\/bildungsbericht.lu\/#\/schema\/logo\/image\/"}}]}},"_links":{"self":[{"href":"https:\/\/bildungsbericht.lu\/fr\/wp-json\/wp\/v2\/article\/1932","targetHints":{"allow":["GET"]}}],"collection":[{"href":"https:\/\/bildungsbericht.lu\/fr\/wp-json\/wp\/v2\/article"}],"about":[{"href":"https:\/\/bildungsbericht.lu\/fr\/wp-json\/wp\/v2\/types\/article"}],"wp:attachment":[{"href":"https:\/\/bildungsbericht.lu\/fr\/wp-json\/wp\/v2\/media?parent=1932"}],"wp:term":[{"taxonomy":"report_year","embeddable":true,"href":"https:\/\/bildungsbericht.lu\/fr\/wp-json\/wp\/v2\/report_year?post=1932"},{"taxonomy":"chapter","embeddable":true,"href":"https:\/\/bildungsbericht.lu\/fr\/wp-json\/wp\/v2\/chapter?post=1932"}],"curies":[{"name":"wp","href":"https:\/\/api.w.org\/{rel}","templated":true}]}}