{"id":2019,"date":"2021-12-08T17:59:14","date_gmt":"2021-12-08T16:59:14","guid":{"rendered":"https:\/\/bildungsbericht.cuco.dev\/artikel\/sonderausgabe-der-chiffres-cles-de-leducation-nationale-2013-2014\/"},"modified":"2024-11-26T18:21:18","modified_gmt":"2024-11-26T17:21:18","slug":"sonderausgabe-der-chiffres-cles-de-leducation-nationale-2013-2014","status":"publish","type":"article","link":"https:\/\/bildungsbericht.lu\/fr\/article\/sonderausgabe-der-chiffres-cles-de-leducation-nationale-2013-2014\/","title":{"rendered":"Sonderausgabe der Chiffres cl\u00e9s de l&rsquo;\u00e9ducation nationale 2013\/2014"},"content":{"rendered":"<p class=\"p1\">Der Auftrag f\u00fcr den vorliegenden ersten Bildungsbericht \u00fcber das Luxemburger Schulwesen basiert auf einem Gesetz vom 6. Februar 2009, nach welchem eine Gruppe von Experten unter der Koordination des <i>Service de Coordination de la Recherche et de l\u2019Innovation p\u00e9dagogiques et technologiques (SCRIPT) <\/i>alle f\u00fcnf Jahre eine umfassende Bestandsaufnahme des luxemburgischen Bildungswesens vornimmt.<\/p>\n<p class=\"p2\">Der Bildungsbericht soll eine verl\u00e4ssliche Grundlage f\u00fcr die \u00f6ffentliche Diskussion \u00fcber den Zustand und die Weiterentwicklung des Bildungswesens schaffen. Er ist eine wichtige Quelle datengest\u00fctzter, systematischer Informationen \u00fcber die Voraussetzungen, den Verlauf und die Wirkung von Bildungsprozessen. Hierbei geht es nicht um das Geschehen im Unterricht an sich, sondern um die Voraussetzungen und Wirkungen auf der Ebene des Bildungssystems als Ganzes.<span class=\"Apple-converted-space\">\u00a0<\/span><\/p>\n","protected":false},"template":"","report_year":[],"chapter":[],"class_list":["post-2019","article","type-article","status-publish"],"acf":[],"yoast_head":"<!-- This site is optimized with the Yoast SEO plugin v27.5 - https:\/\/yoast.com\/product\/yoast-seo-wordpress\/ -->\n<title>Sonderausgabe der Chiffres cl\u00e9s de l&#039;\u00e9ducation nationale 2013\/2014 - Rapport national sur l\u2019\u00e9ducation au Luxembourg 2021<\/title>\n<meta name=\"robots\" content=\"index, follow, max-snippet:-1, max-image-preview:large, max-video-preview:-1\" \/>\n<link rel=\"canonical\" href=\"https:\/\/bildungsbericht.lu\/fr\/article\/sonderausgabe-der-chiffres-cles-de-leducation-nationale-2013-2014\/\" \/>\n<meta property=\"og:locale\" content=\"fr_FR\" \/>\n<meta property=\"og:type\" content=\"article\" \/>\n<meta property=\"og:title\" content=\"Sonderausgabe der Chiffres cl\u00e9s de l&#039;\u00e9ducation nationale 2013\/2014 - Rapport national sur l\u2019\u00e9ducation au Luxembourg 2021\" \/>\n<meta property=\"og:description\" content=\"Der Auftrag f\u00fcr den vorliegenden ersten Bildungsbericht \u00fcber das Luxemburger Schulwesen basiert auf einem Gesetz vom 6. Februar 2009, nach welchem eine Gruppe von Experten unter der Koordination des Service...\" \/>\n<meta property=\"og:url\" content=\"https:\/\/bildungsbericht.lu\/fr\/article\/sonderausgabe-der-chiffres-cles-de-leducation-nationale-2013-2014\/\" \/>\n<meta property=\"og:site_name\" content=\"Rapport national sur l\u2019\u00e9ducation au Luxembourg 2021\" \/>\n<meta property=\"article:modified_time\" content=\"2024-11-26T17:21:18+00:00\" \/>\n<meta name=\"twitter:card\" content=\"summary_large_image\" \/>\n<meta name=\"twitter:label1\" content=\"Dur\u00e9e de lecture estim\u00e9e\" \/>\n\t<meta name=\"twitter:data1\" content=\"1 minute\" \/>\n<script type=\"application\/ld+json\" class=\"yoast-schema-graph\">{\"@context\":\"https:\\\/\\\/schema.org\",\"@graph\":[{\"@type\":\"WebPage\",\"@id\":\"https:\\\/\\\/bildungsbericht.lu\\\/fr\\\/article\\\/sonderausgabe-der-chiffres-cles-de-leducation-nationale-2013-2014\\\/\",\"url\":\"https:\\\/\\\/bildungsbericht.lu\\\/fr\\\/article\\\/sonderausgabe-der-chiffres-cles-de-leducation-nationale-2013-2014\\\/\",\"name\":\"Sonderausgabe der Chiffres cl\u00e9s de l'\u00e9ducation nationale 2013\\\/2014 - Rapport national sur l\u2019\u00e9ducation au Luxembourg 2021\",\"isPartOf\":{\"@id\":\"https:\\\/\\\/bildungsbericht.lu\\\/#website\"},\"datePublished\":\"2021-12-08T16:59:14+00:00\",\"dateModified\":\"2024-11-26T17:21:18+00:00\",\"breadcrumb\":{\"@id\":\"https:\\\/\\\/bildungsbericht.lu\\\/fr\\\/article\\\/sonderausgabe-der-chiffres-cles-de-leducation-nationale-2013-2014\\\/#breadcrumb\"},\"inLanguage\":\"fr-FR\",\"potentialAction\":[{\"@type\":\"ReadAction\",\"target\":[\"https:\\\/\\\/bildungsbericht.lu\\\/fr\\\/article\\\/sonderausgabe-der-chiffres-cles-de-leducation-nationale-2013-2014\\\/\"]}]},{\"@type\":\"BreadcrumbList\",\"@id\":\"https:\\\/\\\/bildungsbericht.lu\\\/fr\\\/article\\\/sonderausgabe-der-chiffres-cles-de-leducation-nationale-2013-2014\\\/#breadcrumb\",\"itemListElement\":[{\"@type\":\"ListItem\",\"position\":1,\"name\":\"Startseite\",\"item\":\"https:\\\/\\\/bildungsbericht.lu\\\/fr\\\/\"},{\"@type\":\"ListItem\",\"position\":2,\"name\":\"Artikel\",\"item\":\"https:\\\/\\\/bildungsbericht.lu\\\/artikel\\\/\"},{\"@type\":\"ListItem\",\"position\":3,\"name\":\"Sonderausgabe der Chiffres cl\u00e9s de l&#8217;\u00e9ducation nationale 2013\\\/2014\"}]},{\"@type\":\"WebSite\",\"@id\":\"https:\\\/\\\/bildungsbericht.lu\\\/#website\",\"url\":\"https:\\\/\\\/bildungsbericht.lu\\\/\",\"name\":\"Nationaler Bildungsbericht Luxemburg 2024\",\"description\":\"\",\"publisher\":{\"@id\":\"https:\\\/\\\/bildungsbericht.lu\\\/#organization\"},\"potentialAction\":[{\"@type\":\"SearchAction\",\"target\":{\"@type\":\"EntryPoint\",\"urlTemplate\":\"https:\\\/\\\/bildungsbericht.lu\\\/?s={search_term_string}\"},\"query-input\":{\"@type\":\"PropertyValueSpecification\",\"valueRequired\":true,\"valueName\":\"search_term_string\"}}],\"inLanguage\":\"fr-FR\"},{\"@type\":\"Organization\",\"@id\":\"https:\\\/\\\/bildungsbericht.lu\\\/#organization\",\"name\":\"University of Luxembourg\",\"url\":\"https:\\\/\\\/bildungsbericht.lu\\\/\",\"logo\":{\"@type\":\"ImageObject\",\"inLanguage\":\"fr-FR\",\"@id\":\"https:\\\/\\\/bildungsbericht.lu\\\/#\\\/schema\\\/logo\\\/image\\\/\",\"url\":\"https:\\\/\\\/bildungsbericht.lu\\\/wp-content\\\/uploads\\\/2021\\\/04\\\/university_of_luxembourg_logo.svg\",\"contentUrl\":\"https:\\\/\\\/bildungsbericht.lu\\\/wp-content\\\/uploads\\\/2021\\\/04\\\/university_of_luxembourg_logo.svg\",\"width\":500,\"height\":423,\"caption\":\"University of Luxembourg\"},\"image\":{\"@id\":\"https:\\\/\\\/bildungsbericht.lu\\\/#\\\/schema\\\/logo\\\/image\\\/\"}}]}<\/script>\n<!-- \/ Yoast SEO plugin. -->","yoast_head_json":{"title":"Sonderausgabe der Chiffres cl\u00e9s de l'\u00e9ducation nationale 2013\/2014 - Rapport national sur l\u2019\u00e9ducation au Luxembourg 2021","robots":{"index":"index","follow":"follow","max-snippet":"max-snippet:-1","max-image-preview":"max-image-preview:large","max-video-preview":"max-video-preview:-1"},"canonical":"https:\/\/bildungsbericht.lu\/fr\/article\/sonderausgabe-der-chiffres-cles-de-leducation-nationale-2013-2014\/","og_locale":"fr_FR","og_type":"article","og_title":"Sonderausgabe der Chiffres cl\u00e9s de l'\u00e9ducation nationale 2013\/2014 - Rapport national sur l\u2019\u00e9ducation au Luxembourg 2021","og_description":"Der Auftrag f\u00fcr den vorliegenden ersten Bildungsbericht \u00fcber das Luxemburger Schulwesen basiert auf einem Gesetz vom 6. Februar 2009, nach welchem eine Gruppe von Experten unter der Koordination des Service...","og_url":"https:\/\/bildungsbericht.lu\/fr\/article\/sonderausgabe-der-chiffres-cles-de-leducation-nationale-2013-2014\/","og_site_name":"Rapport national sur l\u2019\u00e9ducation au Luxembourg 2021","article_modified_time":"2024-11-26T17:21:18+00:00","twitter_card":"summary_large_image","twitter_misc":{"Dur\u00e9e de lecture estim\u00e9e":"1 minute"},"schema":{"@context":"https:\/\/schema.org","@graph":[{"@type":"WebPage","@id":"https:\/\/bildungsbericht.lu\/fr\/article\/sonderausgabe-der-chiffres-cles-de-leducation-nationale-2013-2014\/","url":"https:\/\/bildungsbericht.lu\/fr\/article\/sonderausgabe-der-chiffres-cles-de-leducation-nationale-2013-2014\/","name":"Sonderausgabe der Chiffres cl\u00e9s de l'\u00e9ducation nationale 2013\/2014 - Rapport national sur l\u2019\u00e9ducation au Luxembourg 2021","isPartOf":{"@id":"https:\/\/bildungsbericht.lu\/#website"},"datePublished":"2021-12-08T16:59:14+00:00","dateModified":"2024-11-26T17:21:18+00:00","breadcrumb":{"@id":"https:\/\/bildungsbericht.lu\/fr\/article\/sonderausgabe-der-chiffres-cles-de-leducation-nationale-2013-2014\/#breadcrumb"},"inLanguage":"fr-FR","potentialAction":[{"@type":"ReadAction","target":["https:\/\/bildungsbericht.lu\/fr\/article\/sonderausgabe-der-chiffres-cles-de-leducation-nationale-2013-2014\/"]}]},{"@type":"BreadcrumbList","@id":"https:\/\/bildungsbericht.lu\/fr\/article\/sonderausgabe-der-chiffres-cles-de-leducation-nationale-2013-2014\/#breadcrumb","itemListElement":[{"@type":"ListItem","position":1,"name":"Startseite","item":"https:\/\/bildungsbericht.lu\/fr\/"},{"@type":"ListItem","position":2,"name":"Artikel","item":"https:\/\/bildungsbericht.lu\/artikel\/"},{"@type":"ListItem","position":3,"name":"Sonderausgabe der Chiffres cl\u00e9s de l&#8217;\u00e9ducation nationale 2013\/2014"}]},{"@type":"WebSite","@id":"https:\/\/bildungsbericht.lu\/#website","url":"https:\/\/bildungsbericht.lu\/","name":"Nationaler Bildungsbericht Luxemburg 2024","description":"","publisher":{"@id":"https:\/\/bildungsbericht.lu\/#organization"},"potentialAction":[{"@type":"SearchAction","target":{"@type":"EntryPoint","urlTemplate":"https:\/\/bildungsbericht.lu\/?s={search_term_string}"},"query-input":{"@type":"PropertyValueSpecification","valueRequired":true,"valueName":"search_term_string"}}],"inLanguage":"fr-FR"},{"@type":"Organization","@id":"https:\/\/bildungsbericht.lu\/#organization","name":"University of Luxembourg","url":"https:\/\/bildungsbericht.lu\/","logo":{"@type":"ImageObject","inLanguage":"fr-FR","@id":"https:\/\/bildungsbericht.lu\/#\/schema\/logo\/image\/","url":"https:\/\/bildungsbericht.lu\/wp-content\/uploads\/2021\/04\/university_of_luxembourg_logo.svg","contentUrl":"https:\/\/bildungsbericht.lu\/wp-content\/uploads\/2021\/04\/university_of_luxembourg_logo.svg","width":500,"height":423,"caption":"University of Luxembourg"},"image":{"@id":"https:\/\/bildungsbericht.lu\/#\/schema\/logo\/image\/"}}]}},"_links":{"self":[{"href":"https:\/\/bildungsbericht.lu\/fr\/wp-json\/wp\/v2\/article\/2019","targetHints":{"allow":["GET"]}}],"collection":[{"href":"https:\/\/bildungsbericht.lu\/fr\/wp-json\/wp\/v2\/article"}],"about":[{"href":"https:\/\/bildungsbericht.lu\/fr\/wp-json\/wp\/v2\/types\/article"}],"wp:attachment":[{"href":"https:\/\/bildungsbericht.lu\/fr\/wp-json\/wp\/v2\/media?parent=2019"}],"wp:term":[{"taxonomy":"report_year","embeddable":true,"href":"https:\/\/bildungsbericht.lu\/fr\/wp-json\/wp\/v2\/report_year?post=2019"},{"taxonomy":"chapter","embeddable":true,"href":"https:\/\/bildungsbericht.lu\/fr\/wp-json\/wp\/v2\/chapter?post=2019"}],"curies":[{"name":"wp","href":"https:\/\/api.w.org\/{rel}","templated":true}]}}